{"id":401,"date":"2024-04-01T09:26:58","date_gmt":"2024-04-01T07:26:58","guid":{"rendered":"https:\/\/agrion-risle-charentonne.fr\/?p=401"},"modified":"2025-10-26T09:47:29","modified_gmt":"2025-10-26T08:47:29","slug":"compte-rendu-de-la-conference-la-nature-ca-compte-et-de-la-sortie-a-lecoute-des-chants-doiseaux","status":"publish","type":"post","link":"https:\/\/agrion-risle-charentonne.fr\/index.php\/2024\/04\/01\/compte-rendu-de-la-conference-la-nature-ca-compte-et-de-la-sortie-a-lecoute-des-chants-doiseaux\/","title":{"rendered":"Compte rendu de la conf\u00e9rence \u00ab\u00a0la Nature \u00e7a compte\u00a0\u00bb et de la sortie \u00e0 l\u2019\u00e9coute des chants d\u2019oiseaux"},"content":{"rendered":"\n<h2 class=\"wp-block-heading\">La nature \u00e7a compte&nbsp;!<\/h2>\n\n\n\n<p>Malgr\u00e9 le week-end de P\u00e2ques et une th\u00e9matique rebutante pour certains, nous \u00e9tions une petite trentaine de curieux venus d\u00e9couvrir d\u2019\u00e9tranges ph\u00e9nom\u00e8nes naturels \u00e9troitement li\u00e9s aux lois math\u00e9matiques. Nous avons ainsi pu d\u00e9couvrir les sym\u00e9tries parfaites et vari\u00e9es chez les diatom\u00e9es (\u00eatres unicellulaires), des constructions g\u00e9om\u00e9triques ob\u00e9issant \u00e0 des lois simples dont les r\u00e9sultats sont tout simplement \u00e9blouissants. Les fractales observ\u00e9es sur le chou romanesco en sont un exemple parfait. <strong>Thierry Briffaud<\/strong> a poursuivi cette pr\u00e9sentation en \u00e9voquant les capacit\u00e9s incroyables de certains animaux \u00e0 compter. Ce fut ensuite au tour de <strong>Xavier Barraud<\/strong> de pr\u00e9senter quelques ph\u00e9nom\u00e8nes naturels observ\u00e9s chez les oiseaux directement li\u00e9s aux math\u00e9matiques tels l\u2019acoustique \u00e0 travers le \u00ab\u00a0chant\u00a0\u00bb ou plus exactement les vocalisations et les lois r\u00e9gissant le vol des nu\u00e9es d\u2019\u00e9tourneaux appel\u00e9 murmuration.<\/p>\n\n\n\n<p>Ces \u00e9changes se sont poursuivis autour du verre de l\u2019amiti\u00e9 offert par l\u2019association.<\/p>\n\n\n\n<h2 class=\"wp-block-heading\">Sortie de dimanche matin \u00e0 l\u2019\u00e9coute des oiseaux.<\/h2>\n\n\n\n<p>Malgr\u00e9 un temps l\u00e9g\u00e8rement couvert, les conditions d\u2019observation \u00e9taient parfaites. D\u00e8s notre arriv\u00e9e sur le site (parking de la m\u00e9diath\u00e8que), nous avons pu entendre le chant \u00ab&nbsp;swinguant&nbsp;\u00bb du grimpereau des jardins. L\u2019absence de feuillage aux arbres nous a permis de rep\u00e9rer son d\u00e9placement caract\u00e9ristique. Habitu\u00e9 \u00e0 parcourir les troncs de bas en haut en d\u00e9crivant des spirales, ce petit passereau au plumage mim\u00e9tique passe facilement inaper\u00e7u en temps normal. Cach\u00e9 dans la v\u00e9g\u00e9tation basse, le discret pouillot v\u00e9loce s\u2019est fait rep\u00e9rer, trahi par son chant caract\u00e9ristique compos\u00e9 de deux syllabes \u00e9grain\u00e9es de fa\u00e7on plus ou moins r\u00e9guli\u00e8re.<\/p>\n\n\n\n<p>Impossible dans le secteur d\u2019ignorer les corvid\u00e9s tout occup\u00e9s \u00e0 construire ou consolider leur nid. Le couple de pies dont le nid massif surplombe le parking de la m\u00e9diath\u00e8que, partage le territoire avec les choucas des tours et des corbeaux tr\u00e8s bruyants au grand damne des riverains.<\/p>\n\n\n\n<p>La vari\u00e9t\u00e9 des chants aigus nous a permis de rep\u00e9rer l\u2019incontournable rouge-gorge et l\u2019accenteur mouchet dont la silhouette est tr\u00e8s ressemblante \u00e0 celle du rouge-gorge. Le verdier perch\u00e9 au sommet de son arbre identifiable \u00e0 sa trille grin\u00e7ante partageait la place avec quelques chardonnerets \u00e9l\u00e9gants qui ont bien voulu poser tels des stars afin de se laisser admirer sous toutes les coutures. Nous avons pour finir, assist\u00e9 \u00e0 une joute vocale entre deux troglodytes au chant puissant&#8230;<\/p>\n\n\n\n<p>Beaucoup plus discr\u00e8te mais toujours pr\u00e9sente sur ce site, la bergeronnette des ruisseaux perch\u00e9e sur un fa\u00eetage est rest\u00e9e muette alors que sa \u00ab&nbsp;cousine&nbsp;\u00bb la bergeronnette grise s\u2019est fait entendre mais est rest\u00e9e invisible.<\/p>\n\n\n\n<p>Poursuivant notre parcours dans le jardin public, nous avons pu appr\u00e9cier le r\u00e9pertoire vari\u00e9 de l\u2019\u00e9tourneau sansonnet qui contraste avec les ritournelles monotones du pigeon ramier et de la tourterelle turque. Alors que les merles certainement nicheurs parcouraient les pelouses \u00e0 la recherche de vers, les pinsons des arbres profitaient des derni\u00e8res graines tomb\u00e9es au sol.<\/p>\n\n\n\n<p>En une petite heure nous avons r\u00e9ussi \u00e0 contacter une vingtaine d\u2019esp\u00e8ces dont certaines ont fait l\u2019objet de belles observations.<\/p>\n\n\n\n<p class=\"has-text-align-right\"><strong>Xavier Barraud<\/strong><\/p>\n","protected":false},"excerpt":{"rendered":"<p>La nature \u00e7a compte&nbsp;! Malgr\u00e9 le week-end de P\u00e2ques et une th\u00e9matique rebutante pour certains, nous \u00e9tions une petite trentaine de curieux venus d\u00e9couvrir d\u2019\u00e9tranges ph\u00e9nom\u00e8nes naturels \u00e9troitement li\u00e9s aux [&hellip;]<\/p>\n","protected":false},"author":1,"featured_media":402,"comment_status":"open","ping_status":"open","sticky":false,"template":"","format":"standard","meta":{"_EventAllDay":false,"_EventTimezone":"","_EventStartDate":"","_EventEndDate":"","_EventStartDateUTC":"","_EventEndDateUTC":"","_EventShowMap":false,"_EventShowMapLink":false,"_EventURL":"","_EventCost":"","_EventCostDescription":"","_EventCurrencySymbol":"","_EventCurrencyCode":"","_EventCurrencyPosition":"","_EventDateTimeSeparator":"","_EventTimeRangeSeparator":"","_EventOrganizerID":[],"_EventVenueID":[],"_OrganizerEmail":"","_OrganizerPhone":"","_OrganizerWebsite":"","_VenueAddress":"","_VenueCity":"","_VenueCountry":"","_VenueProvince":"","_VenueState":"","_VenueZip":"","_VenuePhone":"","_VenueURL":"","_VenueStateProvince":"","_VenueLat":"","_VenueLng":"","_VenueShowMap":false,"_VenueShowMapLink":false,"footnotes":""},"categories":[44,1,5,6],"tags":[],"class_list":["post-401","post","type-post","status-publish","format-standard","has-post-thumbnail","hentry","category-articles","category-association-agrion","category-conferences","category-evenements"],"_links":{"self":[{"href":"https:\/\/agrion-risle-charentonne.fr\/index.php\/wp-json\/wp\/v2\/posts\/401","targetHints":{"allow":["GET"]}}],"collection":[{"href":"https:\/\/agrion-risle-charentonne.fr\/index.php\/wp-json\/wp\/v2\/posts"}],"about":[{"href":"https:\/\/agrion-risle-charentonne.fr\/index.php\/wp-json\/wp\/v2\/types\/post"}],"author":[{"embeddable":true,"href":"https:\/\/agrion-risle-charentonne.fr\/index.php\/wp-json\/wp\/v2\/users\/1"}],"replies":[{"embeddable":true,"href":"https:\/\/agrion-risle-charentonne.fr\/index.php\/wp-json\/wp\/v2\/comments?post=401"}],"version-history":[{"count":1,"href":"https:\/\/agrion-risle-charentonne.fr\/index.php\/wp-json\/wp\/v2\/posts\/401\/revisions"}],"predecessor-version":[{"id":403,"href":"https:\/\/agrion-risle-charentonne.fr\/index.php\/wp-json\/wp\/v2\/posts\/401\/revisions\/403"}],"wp:featuredmedia":[{"embeddable":true,"href":"https:\/\/agrion-risle-charentonne.fr\/index.php\/wp-json\/wp\/v2\/media\/402"}],"wp:attachment":[{"href":"https:\/\/agrion-risle-charentonne.fr\/index.php\/wp-json\/wp\/v2\/media?parent=401"}],"wp:term":[{"taxonomy":"category","embeddable":true,"href":"https:\/\/agrion-risle-charentonne.fr\/index.php\/wp-json\/wp\/v2\/categories?post=401"},{"taxonomy":"post_tag","embeddable":true,"href":"https:\/\/agrion-risle-charentonne.fr\/index.php\/wp-json\/wp\/v2\/tags?post=401"}],"curies":[{"name":"wp","href":"https:\/\/api.w.org\/{rel}","templated":true}]}}