{"id":243,"date":"2023-04-20T07:45:39","date_gmt":"2023-04-20T05:45:39","guid":{"rendered":"http:\/\/agrion-risle-charentonne.fr\/?p=243"},"modified":"2023-04-20T07:45:39","modified_gmt":"2023-04-20T05:45:39","slug":"exposition-photographique-de-valerie-bruneau-querey","status":"publish","type":"post","link":"https:\/\/agrion-risle-charentonne.fr\/index.php\/2023\/04\/20\/exposition-photographique-de-valerie-bruneau-querey\/","title":{"rendered":"Exposition photographique de Val\u00e9rie Bruneau-Querey"},"content":{"rendered":"\n<p><strong>Val\u00e9rie Bruneau-Querey<\/strong> pr\u00e9sentera une partie de son \u0153uvre photographique dans le cadre d&rsquo;une exposition qui se tiendra en l&rsquo;\u00e9glise de Beaumesnil (27410). Le vernissage aura lieu le 21 avril 2023 \u00e0 18 heures.<\/p>\n\n\n\n<p>L&rsquo;exposition portera sur le th\u00e8me de l&rsquo;arbre (h\u00eatres tortillards) et de photos non naturalistes.<\/p>\n","protected":false},"excerpt":{"rendered":"<p>Val\u00e9rie Bruneau-Querey pr\u00e9sentera une partie de son \u0153uvre photographique dans le cadre d&rsquo;une exposition qui se tiendra en l&rsquo;\u00e9glise de Beaumesnil (27410). Le vernissage aura lieu le 21 avril 2023 [&hellip;]<\/p>\n","protected":false},"author":1,"featured_media":0,"comment_status":"open","ping_status":"open","sticky":false,"template":"","format":"standard","meta":{"_EventAllDay":false,"_EventTimezone":"","_EventStartDate":"","_EventEndDate":"","_EventStartDateUTC":"","_EventEndDateUTC":"","_EventShowMap":false,"_EventShowMapLink":false,"_EventURL":"","_EventCost":"","_EventCostDescription":"","_EventCurrencySymbol":"","_EventCurrencyCode":"","_EventCurrencyPosition":"","_EventDateTimeSeparator":"","_EventTimeRangeSeparator":"","_EventOrganizerID":[],"_EventVenueID":[],"_OrganizerEmail":"","_OrganizerPhone":"","_OrganizerWebsite":"","_VenueAddress":"","_VenueCity":"","_VenueCountry":"","_VenueProvince":"","_VenueState":"","_VenueZip":"","_VenuePhone":"","_VenueURL":"","_VenueStateProvince":"","_VenueLat":"","_VenueLng":"","_VenueShowMap":false,"_VenueShowMapLink":false,"footnotes":""},"categories":[6],"tags":[11,10,12],"class_list":["post-243","post","type-post","status-publish","format-standard","hentry","category-evenements","tag-evenement","tag-exposition","tag-photographie"],"_links":{"self":[{"href":"https:\/\/agrion-risle-charentonne.fr\/index.php\/wp-json\/wp\/v2\/posts\/243","targetHints":{"allow":["GET"]}}],"collection":[{"href":"https:\/\/agrion-risle-charentonne.fr\/index.php\/wp-json\/wp\/v2\/posts"}],"about":[{"href":"https:\/\/agrion-risle-charentonne.fr\/index.php\/wp-json\/wp\/v2\/types\/post"}],"author":[{"embeddable":true,"href":"https:\/\/agrion-risle-charentonne.fr\/index.php\/wp-json\/wp\/v2\/users\/1"}],"replies":[{"embeddable":true,"href":"https:\/\/agrion-risle-charentonne.fr\/index.php\/wp-json\/wp\/v2\/comments?post=243"}],"version-history":[{"count":1,"href":"https:\/\/agrion-risle-charentonne.fr\/index.php\/wp-json\/wp\/v2\/posts\/243\/revisions"}],"predecessor-version":[{"id":244,"href":"https:\/\/agrion-risle-charentonne.fr\/index.php\/wp-json\/wp\/v2\/posts\/243\/revisions\/244"}],"wp:attachment":[{"href":"https:\/\/agrion-risle-charentonne.fr\/index.php\/wp-json\/wp\/v2\/media?parent=243"}],"wp:term":[{"taxonomy":"category","embeddable":true,"href":"https:\/\/agrion-risle-charentonne.fr\/index.php\/wp-json\/wp\/v2\/categories?post=243"},{"taxonomy":"post_tag","embeddable":true,"href":"https:\/\/agrion-risle-charentonne.fr\/index.php\/wp-json\/wp\/v2\/tags?post=243"}],"curies":[{"name":"wp","href":"https:\/\/api.w.org\/{rel}","templated":true}]}}