{"id":149,"date":"2023-04-08T09:48:08","date_gmt":"2023-04-08T07:48:08","guid":{"rendered":"http:\/\/agrion-risle-charentonne.fr\/?p=149"},"modified":"2023-04-08T09:48:09","modified_gmt":"2023-04-08T07:48:09","slug":"une-nouvelle-allee-dans-le-jardin-du-presbytere","status":"publish","type":"post","link":"https:\/\/agrion-risle-charentonne.fr\/index.php\/2023\/04\/08\/une-nouvelle-allee-dans-le-jardin-du-presbytere\/","title":{"rendered":"Une nouvelle all\u00e9e dans le jardin du presbyt\u00e8re"},"content":{"rendered":"\n<p>C&rsquo;est la p\u00e9riode des travaux de printemps aux jardins partag\u00e9s du presbyt\u00e8re ! Depuis quelques semaines, des b\u00e9n\u00e9voles et jardiniers travaillent main dans la main pour leur remise en \u00e9tat. La vigne et le figuier ont \u00e9t\u00e9 taill\u00e9s, et une nouvelle all\u00e9e pour circuler plus facilement entre les parcelles a \u00e9t\u00e9 cr\u00e9\u00e9e. <\/p>\n\n\n\n<p>De quoi aborder avec s\u00e9r\u00e9nit\u00e9 la saison du jardin d&rsquo;\u00e9t\u00e9 !<\/p>\n\n\n\n<p>Merci \u00e0 Thierry et Olivier pour la construction de l&rsquo;all\u00e9e !<\/p>\n","protected":false},"excerpt":{"rendered":"<p>C&rsquo;est la p\u00e9riode des travaux de printemps aux jardins partag\u00e9s du presbyt\u00e8re ! Depuis quelques semaines, des b\u00e9n\u00e9voles et jardiniers travaillent main dans la main pour leur remise en \u00e9tat. [&hellip;]<\/p>\n","protected":false},"author":1,"featured_media":150,"comment_status":"open","ping_status":"open","sticky":false,"template":"","format":"standard","meta":{"_EventAllDay":false,"_EventTimezone":"","_EventStartDate":"","_EventEndDate":"","_EventStartDateUTC":"","_EventEndDateUTC":"","_EventShowMap":false,"_EventShowMapLink":false,"_EventURL":"","_EventCost":"","_EventCostDescription":"","_EventCurrencySymbol":"","_EventCurrencyCode":"","_EventCurrencyPosition":"","_EventDateTimeSeparator":"","_EventTimeRangeSeparator":"","_EventOrganizerID":[],"_EventVenueID":[],"_OrganizerEmail":"","_OrganizerPhone":"","_OrganizerWebsite":"","_VenueAddress":"","_VenueCity":"","_VenueCountry":"","_VenueProvince":"","_VenueState":"","_VenueZip":"","_VenuePhone":"","_VenueURL":"","_VenueStateProvince":"","_VenueLat":"","_VenueLng":"","_VenueShowMap":false,"_VenueShowMapLink":false,"footnotes":""},"categories":[4],"tags":[],"class_list":["post-149","post","type-post","status-publish","format-standard","has-post-thumbnail","hentry","category-jardins-partages"],"_links":{"self":[{"href":"https:\/\/agrion-risle-charentonne.fr\/index.php\/wp-json\/wp\/v2\/posts\/149","targetHints":{"allow":["GET"]}}],"collection":[{"href":"https:\/\/agrion-risle-charentonne.fr\/index.php\/wp-json\/wp\/v2\/posts"}],"about":[{"href":"https:\/\/agrion-risle-charentonne.fr\/index.php\/wp-json\/wp\/v2\/types\/post"}],"author":[{"embeddable":true,"href":"https:\/\/agrion-risle-charentonne.fr\/index.php\/wp-json\/wp\/v2\/users\/1"}],"replies":[{"embeddable":true,"href":"https:\/\/agrion-risle-charentonne.fr\/index.php\/wp-json\/wp\/v2\/comments?post=149"}],"version-history":[{"count":2,"href":"https:\/\/agrion-risle-charentonne.fr\/index.php\/wp-json\/wp\/v2\/posts\/149\/revisions"}],"predecessor-version":[{"id":152,"href":"https:\/\/agrion-risle-charentonne.fr\/index.php\/wp-json\/wp\/v2\/posts\/149\/revisions\/152"}],"wp:featuredmedia":[{"embeddable":true,"href":"https:\/\/agrion-risle-charentonne.fr\/index.php\/wp-json\/wp\/v2\/media\/150"}],"wp:attachment":[{"href":"https:\/\/agrion-risle-charentonne.fr\/index.php\/wp-json\/wp\/v2\/media?parent=149"}],"wp:term":[{"taxonomy":"category","embeddable":true,"href":"https:\/\/agrion-risle-charentonne.fr\/index.php\/wp-json\/wp\/v2\/categories?post=149"},{"taxonomy":"post_tag","embeddable":true,"href":"https:\/\/agrion-risle-charentonne.fr\/index.php\/wp-json\/wp\/v2\/tags?post=149"}],"curies":[{"name":"wp","href":"https:\/\/api.w.org\/{rel}","templated":true}]}}